{"id":141,"date":"2026-01-17T21:36:20","date_gmt":"2026-01-17T21:36:20","guid":{"rendered":"https:\/\/emayamaroquinerie.com\/?p=141"},"modified":"2026-01-20T20:57:35","modified_gmt":"2026-01-20T20:57:35","slug":"maroquinerie-sur-mesure-des-pieces-uniques-fabriquees-pour-vous","status":"publish","type":"post","link":"https:\/\/emayamaroquinerie.com\/index.php\/2026\/01\/17\/maroquinerie-sur-mesure-des-pieces-uniques-fabriquees-pour-vous\/","title":{"rendered":"Maroquinerie sur Mesure \u2013 Des Pi\u00e8ces Uniques, Fabriqu\u00e9es pour Vous"},"content":{"rendered":"\n<p>Chez <strong>Emaya Cr\u00e9ations<\/strong>, chaque pi\u00e8ce raconte une histoire : la v\u00f4tre. Sp\u00e9cialis\u00e9e dans la <strong>maroquinerie sur mesure<\/strong>, je con\u00e7ois des <strong>sacs, portefeuilles et accessoires en cuir<\/strong> 100 % personnalis\u00e9s, alliant <strong>savoir-faire artisanal<\/strong> et <strong>\u00e9l\u00e9gance intemporelle<\/strong>. Parce que vous m\u00e9ritez un objet unique, adapt\u00e9 \u00e0 votre style et \u00e0 vos besoins.<\/p>\n\n\n\n<hr class=\"wp-block-separator has-alpha-channel-opacity\"\/>\n\n\n\n<h3 class=\"wp-block-heading\"><strong>Pourquoi choisir la maroquinerie sur mesure ?<\/strong><\/h3>\n\n\n\n<ol class=\"wp-block-list\">\n<li><strong>Un objet unique<\/strong> : Fini les produits standardis\u00e9s ! Avec la maroquinerie sur mesure, vous obtenez une pi\u00e8ce <strong>con\u00e7ue sp\u00e9cialement pour vous<\/strong>, selon vos go\u00fbts, vos couleurs et vos dimensions.<\/li>\n\n\n\n<li><strong>Un cuir de qualit\u00e9<\/strong> : Je s\u00e9lectionne des <strong>cuirs premium<\/strong>, souples et r\u00e9sistants, pour des cr\u00e9ations durables et pleines de caract\u00e8re.<\/li>\n\n\n\n<li><strong>Un savoir-faire artisanal<\/strong> : Chaque couture, chaque finition est r\u00e9alis\u00e9e \u00e0 la main dans mon atelier en France, avec une attention minutieuse aux d\u00e9tails.<\/li>\n\n\n\n<li><strong>Une exp\u00e9rience personnalis\u00e9e<\/strong> : De l\u2019id\u00e9e \u00e0 la r\u00e9alisation, je vous accompagne pour cr\u00e9er un accessoire qui vous ressemble.<\/li>\n<\/ol>\n\n\n\n<hr class=\"wp-block-separator has-alpha-channel-opacity\"\/>\n\n\n\n<h3 class=\"wp-block-heading\"><strong>Comment \u00e7a marche ?<\/strong><\/h3>\n\n\n\n<ol class=\"wp-block-list\">\n<li><strong>\u00c9change et conseil<\/strong> : Contactez-moi pour discuter de votre projet (couleurs, forme, fonctionnalit\u00e9s).<\/li>\n\n\n\n<li><strong>Cr\u00e9ation du mod\u00e8le<\/strong> : Je r\u00e9alise un croquis ou un prototype pour valider le design.<\/li>\n\n\n\n<li><strong>Fabrication artisanale<\/strong> : D\u00e9coupe, couture, teinture\u2026 chaque \u00e9tape est effectu\u00e9e avec soin.<\/li>\n\n\n\n<li><strong>Livraison<\/strong> : Votre pi\u00e8ce unique vous est envoy\u00e9e, pr\u00eate \u00e0 vous accompagner au quotidien.<\/li>\n<\/ol>\n\n\n\n<hr class=\"wp-block-separator has-alpha-channel-opacity\"\/>\n\n\n\n<h3 class=\"wp-block-heading\"><strong>Exemples de r\u00e9alisations sur mesure<\/strong><\/h3>\n\n\n\n<ul class=\"wp-block-list\">\n<li><strong>Sacs \u00e0 main<\/strong> : Taille, forme et compartiments adapt\u00e9s \u00e0 vos besoins.<\/li>\n\n\n\n<li><strong>Portefeuilles<\/strong> : Personnalis\u00e9s avec vos initiales ou un motif sp\u00e9cial.<\/li>\n\n\n\n<li><strong>Ceintures et accessoires<\/strong> : Cr\u00e9\u00e9s pour s\u2019accorder parfaitement \u00e0 votre garde-robe.<\/li>\n\n\n\n<li><strong>Etui \u00e0 couteau :<\/strong> Cr\u00e9er sur mesure  pour s&rsquo;adapter \u00e0 votre usage<\/li>\n<\/ul>\n\n\n\n<p><em>(Ins\u00e9rez ici des photos de vos r\u00e9alisations avec des l\u00e9gendes descriptives.)<\/em><\/p>\n\n\n\n<hr class=\"wp-block-separator has-alpha-channel-opacity\"\/>\n\n\n\n<hr class=\"wp-block-separator has-alpha-channel-opacity\"\/>\n\n\n\n<h3 class=\"wp-block-heading\"><strong>Commandez votre pi\u00e8ce sur mesure<\/strong><\/h3>\n\n\n\n<p>Pr\u00eat \u00e0 cr\u00e9er <strong>votre<\/strong> accessoire en cuir ? Contactez-moi d\u00e8s aujourd\u2019hui pour discuter de votre projet : \ud83d\udce7 <strong><a href=\"mailto:emaya.creacuir@gmail.com\" target=\"_blank\" rel=\"noreferrer noopener\">emaya.creacuir@gmail.com<\/a><\/strong> \ud83d\udcde <\/p>\n\n\n\n<p><em>(Ajoutez un bouton ou un lien vers votre page de contact ou formulaire de commande.)<\/em><\/p>\n\n\n\n<hr class=\"wp-block-separator has-alpha-channel-opacity\"\/>\n\n\n\n<h3 class=\"wp-block-heading\"><strong>FAQ (Foire Aux Questions)<\/strong><\/h3>\n\n\n\n<p><strong>Combien de temps faut-il pour r\u00e9aliser une pi\u00e8ce sur mesure ?<\/strong> Le d\u00e9lai varie selon la complexit\u00e9 du projet, mais comptez g\u00e9n\u00e9ralement <strong>3 \u00e0 6 semaines<\/strong> pour une cr\u00e9ation unique.<\/p>\n\n\n\n<p><strong>Puis-je choisir le type de cuir ?<\/strong> Oui ! Je vous propose une s\u00e9lection de cuirs (vachette, agneau, v\u00e9g\u00e9tal) et de finitions (lisse, grain\u00e9, m\u00e9tallis\u00e9).<\/p>\n\n\n\n<p><strong>Offrez-vous des services de r\u00e9paration ou de retouche ?<\/strong> Absolument. Je peux aussi modifier ou r\u00e9parer vos articles en cuir existants.<\/p>\n\n\n\n<hr class=\"wp-block-separator has-alpha-channel-opacity\"\/>\n\n\n\n<p><strong>Conclusion (appel \u00e0 l\u2019action) :<\/strong> Offrez-vous le luxe d\u2019un accessoire <strong>fait main, juste pour vous<\/strong>. La maroquinerie sur mesure, c\u2019est l\u2019assurance d\u2019une pi\u00e8ce <strong>unique, durable et pleine de sens<\/strong>.<\/p>\n\n\n\n<p>\ud83d\udc49 <a href=\"https:\/\/emayamaroquinerie.com\/index.php\/contact\/\" data-type=\"page\" data-id=\"151\"><strong>Contactez-moi d\u00e8s maintenant<\/strong> pour commencer votre projet<\/a> !<\/p>\n","protected":false},"excerpt":{"rendered":"<p>Chez Emaya Cr\u00e9ations, chaque pi\u00e8ce raconte une histoire : la v\u00f4tre. Sp\u00e9cialis\u00e9e dans la maroquinerie sur mesure, je con\u00e7ois des sacs, portefeuilles et accessoires en cuir 100 % personnalis\u00e9s, alliant savoir-faire artisanal et \u00e9l\u00e9gance intemporelle. Parce que vous m\u00e9ritez un objet unique, adapt\u00e9 \u00e0 votre style et \u00e0 vos besoins. Pourquoi choisir la maroquinerie sur [&hellip;]<\/p>\n","protected":false},"author":1,"featured_media":0,"comment_status":"open","ping_status":"open","sticky":false,"template":"","format":"standard","meta":{"_jetpack_memberships_contains_paid_content":false,"footnotes":""},"categories":[21],"tags":[],"class_list":["post-141","post","type-post","status-publish","format-standard","hentry","category-mes-services"],"jetpack_featured_media_url":"","jetpack_sharing_enabled":true,"_links":{"self":[{"href":"https:\/\/emayamaroquinerie.com\/index.php\/wp-json\/wp\/v2\/posts\/141","targetHints":{"allow":["GET"]}}],"collection":[{"href":"https:\/\/emayamaroquinerie.com\/index.php\/wp-json\/wp\/v2\/posts"}],"about":[{"href":"https:\/\/emayamaroquinerie.com\/index.php\/wp-json\/wp\/v2\/types\/post"}],"author":[{"embeddable":true,"href":"https:\/\/emayamaroquinerie.com\/index.php\/wp-json\/wp\/v2\/users\/1"}],"replies":[{"embeddable":true,"href":"https:\/\/emayamaroquinerie.com\/index.php\/wp-json\/wp\/v2\/comments?post=141"}],"version-history":[{"count":2,"href":"https:\/\/emayamaroquinerie.com\/index.php\/wp-json\/wp\/v2\/posts\/141\/revisions"}],"predecessor-version":[{"id":191,"href":"https:\/\/emayamaroquinerie.com\/index.php\/wp-json\/wp\/v2\/posts\/141\/revisions\/191"}],"wp:attachment":[{"href":"https:\/\/emayamaroquinerie.com\/index.php\/wp-json\/wp\/v2\/media?parent=141"}],"wp:term":[{"taxonomy":"category","embeddable":true,"href":"https:\/\/emayamaroquinerie.com\/index.php\/wp-json\/wp\/v2\/categories?post=141"},{"taxonomy":"post_tag","embeddable":true,"href":"https:\/\/emayamaroquinerie.com\/index.php\/wp-json\/wp\/v2\/tags?post=141"}],"curies":[{"name":"wp","href":"https:\/\/api.w.org\/{rel}","templated":true}]}}