{"id":129,"date":"2026-01-17T21:18:46","date_gmt":"2026-01-17T21:18:46","guid":{"rendered":"https:\/\/emayamaroquinerie.com\/?p=129"},"modified":"2026-01-20T21:00:17","modified_gmt":"2026-01-20T21:00:17","slug":"politique-de-confidentialite-emaya-creations","status":"publish","type":"post","link":"https:\/\/emayamaroquinerie.com\/index.php\/2026\/01\/17\/politique-de-confidentialite-emaya-creations\/","title":{"rendered":"Politique de Confidentialit\u00e9 \u2013 Emaya Cr\u00e9ations"},"content":{"rendered":"\n<p><\/p>\n\n\n\n<p><strong>Derni\u00e8re mise \u00e0 jour : 17\/01\/2026<\/strong><\/p>\n\n\n\n<p>Chez <strong>Emaya Cr\u00e9ations<\/strong>, nous accordons une grande importance \u00e0 la protection de vos donn\u00e9es personnelles. Cette politique de confidentialit\u00e9 explique comment nous collectons, utilisons et prot\u00e9geons les informations que vous nous communiquez.<\/p>\n\n\n\n<hr class=\"wp-block-separator has-alpha-channel-opacity\"\/>\n\n\n\n<h3 class=\"wp-block-heading\"><strong>1. Responsable du traitement des donn\u00e9es<\/strong><\/h3>\n\n\n\n<p><strong>Emaya Cr\u00e9ations<\/strong><\/p>\n\n\n\n<p><strong>E-mail :<\/strong> <span id=\"eeb-385412-846349\"><\/span><script type=\"text\/javascript\">(function() {var ml=\"DkEae%F4g3._nboifuhrt2ymC0Alcp\",mi=\"59H35EIBC4@5905EEG3?KD>59J4G3F3:LC43LA?C57I8G3?K:L>G5EE5EID3C84D5905EE;=K3<15EE5EIC4K5905EE<>C4@4CC4C5EI<>>M4<4C5EE5924G3F3:LC43LA?C57I8G3?K:L>G59H5E63592\",o=\"\";for(var j=0,l=mi.length;j<l;j++) {o+=ml.charAt(mi.charCodeAt(j)-48);}document.getElementById(\"eeb-385412-846349\").innerHTML = decodeURIComponent(o);}());<\/script><noscript>*protected email*<\/noscript><\/p>\n\n\n\n<hr class=\"wp-block-separator has-alpha-channel-opacity\"\/>\n\n\n\n<h3 class=\"wp-block-heading\"><strong>2. Donn\u00e9es personnelles collect\u00e9es<\/strong><\/h3>\n\n\n\n<p>Nous collectons les donn\u00e9es suivantes :<\/p>\n\n\n\n<ul class=\"wp-block-list\">\n<li><strong>Donn\u00e9es d\u2019identification<\/strong> : Nom, pr\u00e9nom, adresse e-mail, adresse postale, num\u00e9ro de t\u00e9l\u00e9phone (lors de la cr\u00e9ation d\u2019un compte ou d\u2019une commande).<\/li>\n\n\n\n<li><strong>Donn\u00e9es de navigation<\/strong> : Adresse IP, pages consult\u00e9es, heure et date de connexion (via des cookies).<\/li>\n\n\n\n<li><strong>Donn\u00e9es de paiement<\/strong> : Informations bancaires (g\u00e9r\u00e9es par notre prestataire de paiement s\u00e9curis\u00e9 [myPOS], nous ne stockons pas vos donn\u00e9es de carte bancaire).<\/li>\n\n\n\n<li><strong>Donn\u00e9es de commande<\/strong> : Historique des achats, pr\u00e9f\u00e9rences de livraison.<\/li>\n<\/ul>\n\n\n\n<hr class=\"wp-block-separator has-alpha-channel-opacity\"\/>\n\n\n\n<h3 class=\"wp-block-heading\"><strong>3. Finalit\u00e9 de la collecte des donn\u00e9es<\/strong><\/h3>\n\n\n\n<p>Vos donn\u00e9es sont utilis\u00e9es pour :<\/p>\n\n\n\n<ul class=\"wp-block-list\">\n<li><strong>Traiter et livrer vos commandes<\/strong>.<\/li>\n\n\n\n<li><strong>G\u00e9rer votre compte client<\/strong> (si vous en cr\u00e9ez un).<\/li>\n\n\n\n<li><strong>Am\u00e9liorer votre exp\u00e9rience<\/strong> sur notre site.<\/li>\n\n\n\n<li><strong>Vous envoyer des informations<\/strong> (newsletters, offres sp\u00e9ciales) uniquement avec votre consentement.<\/li>\n\n\n\n<li><strong>Respecter nos obligations l\u00e9gales<\/strong> (facturation, garanties, droit de r\u00e9tractation).<\/li>\n<\/ul>\n\n\n\n<hr class=\"wp-block-separator has-alpha-channel-opacity\"\/>\n\n\n\n<h3 class=\"wp-block-heading\"><strong>4. Base l\u00e9gale du traitement<\/strong><\/h3>\n\n\n\n<ul class=\"wp-block-list\">\n<li><strong>Ex\u00e9cution d\u2019un contrat<\/strong> (pour les commandes et la livraison).<\/li>\n\n\n\n<li><strong>Consentement<\/strong> (pour les newsletters et le marketing).<\/li>\n\n\n\n<li><strong>Obligation l\u00e9gale<\/strong> (conservation des factures pendant 10 ans).<\/li>\n<\/ul>\n\n\n\n<hr class=\"wp-block-separator has-alpha-channel-opacity\"\/>\n\n\n\n<h3 class=\"wp-block-heading\"><strong>5. Destinataires des donn\u00e9es<\/strong><\/h3>\n\n\n\n<p>Vos donn\u00e9es sont accessibles \u00e0 :<\/p>\n\n\n\n<ul class=\"wp-block-list\">\n<li><strong>Emaya Cr\u00e9ations<\/strong> (pour la gestion des commandes et du service client).<\/li>\n\n\n\n<li><strong>Nos prestataires de services<\/strong> (OVH, solution de paiement myPOS, transporteurs) qui s\u2019engagent \u00e0 respecter le RGPD.<\/li>\n\n\n\n<li><strong>Autorit\u00e9s comp\u00e9tentes<\/strong> : CNIL.<\/li>\n<\/ul>\n\n\n\n<p>Nous ne vendons ni ne louons vos donn\u00e9es \u00e0 des tiers.<\/p>\n\n\n\n<hr class=\"wp-block-separator has-alpha-channel-opacity\"\/>\n\n\n\n<h3 class=\"wp-block-heading\"><strong>6. Dur\u00e9e de conservation des donn\u00e9es<\/strong><\/h3>\n\n\n\n<ul class=\"wp-block-list\">\n<li><strong>Donn\u00e9es clients<\/strong> : Conserv\u00e9es pendant 3 ans \u00e0 compter de votre derni\u00e8re activit\u00e9 (commande, connexion).<\/li>\n\n\n\n<li><strong>Donn\u00e9es de paiement<\/strong> : Non stock\u00e9es sur nos serveurs (g\u00e9r\u00e9es par [myPOS]).<\/li>\n\n\n\n<li><strong>Donn\u00e9es de navigation<\/strong> : Conserv\u00e9es 13 mois (cookies).<\/li>\n\n\n\n<li><strong>Factures<\/strong> : Conserv\u00e9es 10 ans pour respecter les obligations l\u00e9gales.<\/li>\n<\/ul>\n\n\n\n<hr class=\"wp-block-separator has-alpha-channel-opacity\"\/>\n\n\n\n<h3 class=\"wp-block-heading\"><strong>7. Vos droits sur vos donn\u00e9es<\/strong><\/h3>\n\n\n\n<p>Conform\u00e9ment au RGPD, vous disposez des droits suivants :<\/p>\n\n\n\n<ul class=\"wp-block-list\">\n<li><strong>Droit d\u2019acc\u00e8s<\/strong> : Demander une copie de vos donn\u00e9es.<\/li>\n\n\n\n<li><strong>Droit de rectification<\/strong> : Corriger vos donn\u00e9es si elles sont inexactes.<\/li>\n\n\n\n<li><strong>Droit \u00e0 l\u2019effacement<\/strong> : Supprimer vos donn\u00e9es (sous r\u00e9serve des obligations l\u00e9gales).<\/li>\n\n\n\n<li><strong>Droit \u00e0 la limitation du traitement<\/strong> : Suspendre l\u2019utilisation de vos donn\u00e9es.<\/li>\n\n\n\n<li><strong>Droit \u00e0 la portabilit\u00e9<\/strong> : R\u00e9cup\u00e9rer vos donn\u00e9es dans un format structur\u00e9.<\/li>\n\n\n\n<li><strong>Droit d\u2019opposition<\/strong> : Refuser le traitement de vos donn\u00e9es pour des motifs l\u00e9gitimes.<\/li>\n<\/ul>\n\n\n\n<p>Pour exercer ces droits, contactez-nous \u00e0 : <span id=\"eeb-62859-690092\"><\/span><script type=\"text\/javascript\">(function() {var ml=\"aAoFl34DcbEsrC.f_0kgph2mieynt%u\",mi=\"M5=;L<2KCM5:M5=0MFAE<I?M57MFFG0H4L2M51IG0J0>8<I08NH<M6ACG0H4>82GMFFMFAL0<CILM57MFF@940KBMFFMFA<I4M57MFFK2<I?I<<I<MFAK22DIKI<MFFM5:IG0J0>8<I08NH<M6ACG0H4>82GM5=MF30M5:M5=MF3;L<2KCM5:\",o=\"\";for(var j=0,l=mi.length;j<l;j++) {o+=ml.charAt(mi.charCodeAt(j)-48);}document.getElementById(\"eeb-62859-690092\").innerHTML = decodeURIComponent(o);}());<\/script><noscript>*protected email*<\/noscript>.<\/p>\n\n\n\n<hr class=\"wp-block-separator has-alpha-channel-opacity\"\/>\n\n\n\n<h3 class=\"wp-block-heading\"><strong>8. Cookies et technologies similaires<\/strong><\/h3>\n\n\n\n<p>Notre site utilise des <strong>cookies<\/strong> pour :<\/p>\n\n\n\n<ul class=\"wp-block-list\">\n<li><strong>Am\u00e9liorer votre navigation<\/strong> (panier, pr\u00e9f\u00e9rences).<\/li>\n\n\n\n<li><strong>Analyser le trafic<\/strong> (via Google Analytics, si utilis\u00e9).<\/li>\n\n\n\n<li><strong>Personnaliser les publicit\u00e9s<\/strong> (uniquement avec votre consentement).<\/li>\n<\/ul>\n\n\n\n<p>Vous pouvez <strong>g\u00e9rer vos pr\u00e9f\u00e9rences de cookies<\/strong> via notre banni\u00e8re de consentement ou dans les param\u00e8tres de votre navigateur.<\/p>\n\n\n\n<p>Pour en savoir plus, consultez notre <a href=\"#\" target=\"_blank\" rel=\"noreferrer noopener\">politique de gestion des cookies<\/a>.<\/p>\n\n\n\n<hr class=\"wp-block-separator has-alpha-channel-opacity\"\/>\n\n\n\n<h3 class=\"wp-block-heading\"><strong>9. S\u00e9curit\u00e9 des donn\u00e9es<\/strong><\/h3>\n\n\n\n<p>Nous mettons en place des <strong>mesures de s\u00e9curit\u00e9<\/strong> pour prot\u00e9ger vos donn\u00e9es contre la perte, l\u2019alt\u00e9ration ou l\u2019acc\u00e8s non autoris\u00e9 :<\/p>\n\n\n\n<ul class=\"wp-block-list\">\n<li><strong>Chiffrement SSL<\/strong> pour s\u00e9curiser les \u00e9changes.<\/li>\n\n\n\n<li><strong>H\u00e9bergement s\u00e9curis\u00e9<\/strong> chez [nom de votre h\u00e9bergeur].<\/li>\n\n\n\n<li><strong>Acc\u00e8s restreint<\/strong> aux donn\u00e9es sensibles.<\/li>\n<\/ul>\n\n\n\n<hr class=\"wp-block-separator has-alpha-channel-opacity\"\/>\n\n\n\n<h3 class=\"wp-block-heading\"><strong>10. Modification de la politique de confidentialit\u00e9<\/strong><\/h3>\n\n\n\n<p>Cette politique peut \u00eatre mise \u00e0 jour. Nous vous invitons \u00e0 la consulter r\u00e9guli\u00e8rement. En cas de modification majeure, nous vous informerons par e-mail ou via une notification sur le site.<\/p>\n\n\n\n<hr class=\"wp-block-separator has-alpha-channel-opacity\"\/>\n\n\n\n<h3 class=\"wp-block-heading\"><strong>11. Contact<\/strong><\/h3>\n\n\n\n<p>Pour toute question concernant cette politique ou l\u2019utilisation de vos donn\u00e9es, contactez-nous \u00e0 : <span id=\"eeb-799089-320472\"><\/span><script type=\"text\/javascript\">(function() {var ml=\"f%ugplE0ton2Cr.y_3AacbkFm4Dihse\",mi=\"1A<M8=9:31A61A<C1;7L=N01AJ1;;HCK5891ABNHC?C>D=NCD2K=1I73HCK5>D9H1;;1;78C=3N81AJ1;;@E5C:F1;;1;7=N51AJ1;;:9=N0N==N=1;7:994N:N=1;;1A6NHC?C>D=NCD2K=1I73HCK5>D9H1A<1;GC1A61A<1;GM8=9:31A6\",o=\"\";for(var j=0,l=mi.length;j<l;j++) {o+=ml.charAt(mi.charCodeAt(j)-48);}document.getElementById(\"eeb-799089-320472\").innerHTML = decodeURIComponent(o);}());<\/script><noscript>*protected email*<\/noscript><\/p>\n","protected":false},"excerpt":{"rendered":"<p>Derni\u00e8re mise \u00e0 jour : 17\/01\/2026 Chez Emaya Cr\u00e9ations, nous accordons une grande importance \u00e0 la protection de vos donn\u00e9es personnelles. Cette politique de confidentialit\u00e9 explique comment nous collectons, utilisons et prot\u00e9geons les informations que vous nous communiquez. 1. Responsable du traitement des donn\u00e9es Emaya Cr\u00e9ations E-mail : 2. Donn\u00e9es personnelles collect\u00e9es Nous collectons les [&hellip;]<\/p>\n","protected":false},"author":1,"featured_media":0,"comment_status":"closed","ping_status":"open","sticky":false,"template":"","format":"standard","meta":{"_jetpack_memberships_contains_paid_content":false,"footnotes":""},"categories":[20],"tags":[],"class_list":["post-129","post","type-post","status-publish","format-standard","hentry","category-a-propos-de"],"jetpack_featured_media_url":"","jetpack_sharing_enabled":true,"_links":{"self":[{"href":"https:\/\/emayamaroquinerie.com\/index.php\/wp-json\/wp\/v2\/posts\/129","targetHints":{"allow":["GET"]}}],"collection":[{"href":"https:\/\/emayamaroquinerie.com\/index.php\/wp-json\/wp\/v2\/posts"}],"about":[{"href":"https:\/\/emayamaroquinerie.com\/index.php\/wp-json\/wp\/v2\/types\/post"}],"author":[{"embeddable":true,"href":"https:\/\/emayamaroquinerie.com\/index.php\/wp-json\/wp\/v2\/users\/1"}],"replies":[{"embeddable":true,"href":"https:\/\/emayamaroquinerie.com\/index.php\/wp-json\/wp\/v2\/comments?post=129"}],"version-history":[{"count":2,"href":"https:\/\/emayamaroquinerie.com\/index.php\/wp-json\/wp\/v2\/posts\/129\/revisions"}],"predecessor-version":[{"id":192,"href":"https:\/\/emayamaroquinerie.com\/index.php\/wp-json\/wp\/v2\/posts\/129\/revisions\/192"}],"wp:attachment":[{"href":"https:\/\/emayamaroquinerie.com\/index.php\/wp-json\/wp\/v2\/media?parent=129"}],"wp:term":[{"taxonomy":"category","embeddable":true,"href":"https:\/\/emayamaroquinerie.com\/index.php\/wp-json\/wp\/v2\/categories?post=129"},{"taxonomy":"post_tag","embeddable":true,"href":"https:\/\/emayamaroquinerie.com\/index.php\/wp-json\/wp\/v2\/tags?post=129"}],"curies":[{"name":"wp","href":"https:\/\/api.w.org\/{rel}","templated":true}]}}