{"id":127,"date":"2026-01-17T21:06:43","date_gmt":"2026-01-17T21:06:43","guid":{"rendered":"https:\/\/emayamaroquinerie.com\/?p=127"},"modified":"2026-01-20T21:00:51","modified_gmt":"2026-01-20T21:00:51","slug":"mentions-legales-emaya-creations","status":"publish","type":"post","link":"https:\/\/emayamaroquinerie.com\/index.php\/2026\/01\/17\/mentions-legales-emaya-creations\/","title":{"rendered":"Mentions L\u00e9gales \u2013 Emaya Cr\u00e9ations"},"content":{"rendered":"\n<p class=\"has-black-color has-text-color has-link-color wp-elements-d0407b4de38177ead76306266ed10c88\"><strong>\u00c9diteur du site :<\/strong> Emaya Cr\u00e9ations <\/p>\n\n\n\n<p class=\"has-black-color has-text-color has-link-color wp-elements-ee20b1ab16fe31950d9bce65eef06b93\">32 rue de l&rsquo;\u00e9glise 63230 Pulv\u00e8ri\u00e8res, France<\/p>\n\n\n\n<p class=\"has-black-color has-text-color has-link-color wp-elements-8f5eda58c8b3b510860d7d659605ae5a\"><strong>Adresse e-mail :<\/strong> <span id=\"eeb-958800-42386\"><\/span><script type=\"text\/javascript\">(function() {var ml=\"D2bEkfl%u4Ah0Fgnce3yrt.i_maCop\",mi=\"7BKJ71<;DA57B0711IJG6EL7B:AIJCJF@DAJ@8GD79<>IJG6F@LI71171<EJD>AE7B0711H26J?471171<DA67B0711?LDA5ADDAD71<?LLMA?AD7117B3AIJCJF@DAJ@8GD79<>IJG6F@LI7BK71=J7B3\",o=\"\";for(var j=0,l=mi.length;j<l;j++) {o+=ml.charAt(mi.charCodeAt(j)-48);}document.getElementById(\"eeb-958800-42386\").innerHTML = decodeURIComponent(o);}());<\/script><noscript>*protected email*<\/noscript><\/p>\n\n\n\n<p><\/p>\n\n\n\n<p class=\"has-black-color has-text-color has-link-color wp-elements-816b3fb5294631cdbf2b3d98358e5d3a\"><strong>H\u00e9bergeur du site :<\/strong> OVH  <\/p>\n\n\n\n<hr class=\"wp-block-separator has-alpha-channel-opacity\"\/>\n\n\n\n<h3 class=\"wp-block-heading has-black-color has-text-color has-link-color wp-elements-6dab36bba1cfff62e23b603170bcf298\"><strong>Conditions G\u00e9n\u00e9rales d\u2019Utilisation (CGU) :<\/strong><\/h3>\n\n\n\n<p class=\"has-black-color has-text-color has-link-color wp-elements-392d6c27f196a55e04ee72d4943ac207\">L\u2019utilisation du site <strong>emayamaroquinerie.com<\/strong> implique l\u2019acceptation pleine et enti\u00e8re des conditions g\u00e9n\u00e9rales d\u2019utilisation ci-apr\u00e8s d\u00e9crites. Ces conditions d\u2019utilisation sont susceptibles d\u2019\u00eatre modifi\u00e9es ou compl\u00e9t\u00e9es \u00e0 tout moment.<\/p>\n\n\n\n<hr class=\"wp-block-separator has-alpha-channel-opacity\"\/>\n\n\n\n<h3 class=\"wp-block-heading has-black-color has-text-color has-link-color wp-elements-b14afb8be6996dd44607f4e2acbedd56\"><strong>Propri\u00e9t\u00e9 intellectuelle :<\/strong><\/h3>\n\n\n\n<p class=\"has-black-color has-text-color has-link-color wp-elements-61fc430d8aeff373a4852c8b26c83a11\">Les contenus du site (textes, images, logos, etc.) sont la propri\u00e9t\u00e9 exclusive de Emaya Cr\u00e9ations et sont prot\u00e9g\u00e9s par le droit d\u2019auteur. Toute reproduction, repr\u00e9sentation, modification, publication, adaptation totale ou partielle des \u00e9l\u00e9ments du site, quel que soit le moyen ou le proc\u00e9d\u00e9 utilis\u00e9, est interdite sans autorisation \u00e9crite pr\u00e9alable.<\/p>\n\n\n\n<hr class=\"wp-block-separator has-alpha-channel-opacity\"\/>\n\n\n\n<h3 class=\"wp-block-heading has-black-color has-text-color has-link-color wp-elements-d5ac82b9be9dbae64d7f41ca2f11351f\"><strong>Donn\u00e9es personnelles et RGPD :<\/strong><\/h3>\n\n\n\n<p class=\"has-black-color has-text-color has-link-color wp-elements-969bbdf8a932207532b9fc7d2f67a96c\">Les donn\u00e9es personnelles collect\u00e9es sur ce site sont trait\u00e9es conform\u00e9ment au <strong>R\u00e8glement G\u00e9n\u00e9ral sur la Protection des Donn\u00e9es (RGPD)<\/strong>. Pour en savoir plus, consultez notre <a href=\"https:\/\/emayamaroquinerie.com\/index.php\/2026\/01\/17\/politique-de-confidentialite-emaya-creations\/\" target=\"_blank\" rel=\"noreferrer noopener\">Politique de confidentialit\u00e9<\/a>.<\/p>\n\n\n\n<p class=\"has-black-color has-text-color has-link-color wp-elements-6c3ea3b123338738d4cf8bfc93aca24c\"><strong>Finalit\u00e9 des donn\u00e9es collect\u00e9es :<\/strong><\/p>\n\n\n\n<ul class=\"wp-block-list\">\n<li class=\"has-black-color has-text-color has-link-color wp-elements-425aed3e047cffd2e3efca11427425a9\">Gestion des commandes et des relations clients.<\/li>\n\n\n\n<li class=\"has-black-color has-text-color has-link-color wp-elements-24640bc0afabcaa59abf94a9fd5aecb7\">Am\u00e9lioration de l\u2019exp\u00e9rience utilisateur.<\/li>\n\n\n\n<li class=\"has-black-color has-text-color has-link-color wp-elements-4727b4cf5038122f5c485563ed268b61\">Envoi d\u2019informations commerciales (uniquement avec votre consentement).<\/li>\n<\/ul>\n\n\n\n<p><strong>Dur\u00e9e de conservation :<\/strong> Les donn\u00e9es sont conserv\u00e9es pendant la dur\u00e9e n\u00e9cessaire \u00e0 la r\u00e9alisation des finalit\u00e9s pour lesquelles elles sont collect\u00e9es, conform\u00e9ment \u00e0 la loi.<\/p>\n\n\n\n<p class=\"has-black-color has-text-color has-link-color wp-elements-e8e93d19998b84a5d7a3381f4b0f1aab\"><strong>Droits des utilisateurs :<\/strong> Vous disposez des droits suivants concernant vos donn\u00e9es personnelles :<\/p>\n\n\n\n<ul class=\"wp-block-list\">\n<li class=\"has-black-color has-text-color has-link-color wp-elements-fc782e7ba070fd9a97e8d0a0f9154f29\">Droit d\u2019acc\u00e8s, de rectification, d\u2019effacement, de limitation du traitement.<\/li>\n\n\n\n<li class=\"has-black-color has-text-color has-link-color wp-elements-7b17bd23f6926e2c95edf343f9aa3625\">Droit \u00e0 la portabilit\u00e9 des donn\u00e9es.<\/li>\n\n\n\n<li class=\"has-black-color has-text-color has-link-color wp-elements-1de484258685445e8933411c9d86650a\">Droit d\u2019opposition au traitement. Pour exercer ces droits, contactez-nous \u00e0 l\u2019adresse : <a href=\"mailto:emaya.creacuir@gmail.com\" target=\"_blank\" rel=\"noreferrer noopener\">emaya.creacuir@gmail.com<\/a>.<\/li>\n<\/ul>\n\n\n\n<hr class=\"wp-block-separator has-alpha-channel-opacity\"\/>\n\n\n\n<h3 class=\"wp-block-heading has-black-color has-text-color has-link-color wp-elements-16e59b329e425238887b781c084a07aa\"><strong>Conditions G\u00e9n\u00e9rales de Vente (CGV) :<\/strong><\/h3>\n\n\n\n<p class=\"has-black-color has-text-color has-link-color wp-elements-7d121d8a160c23145b7cb6ed825be103\">Les pr\u00e9sentes conditions g\u00e9n\u00e9rales de vente s\u2019appliquent \u00e0 toutes les commandes pass\u00e9es sur le site <a href=\"https:\/\/emayamaroquinerie.com\">emayamaroquinerie.com<\/a><\/p>\n\n\n\n<p class=\"has-black-color has-text-color has-link-color wp-elements-959160f774497f0a3c2476c2f7d6fcb8\"><strong>Prix :<\/strong> Les prix sont indiqu\u00e9s en euros (\u20ac) toutes taxes comprises (TTC). Les frais de livraison sont indiqu\u00e9s avant validation de la commande.<\/p>\n\n\n\n<p class=\"has-black-color has-text-color has-link-color wp-elements-f85037c83f964f67022b12ce8373630e\"><strong>Paiement :<\/strong> Les paiements sont s\u00e9curis\u00e9s et peuvent \u00eatre effectu\u00e9s par carte bancaire via myPOS.<\/p>\n\n\n\n<p class=\"has-black-color has-text-color has-link-color wp-elements-867ce0c0b52d9fc767d19ac4e7d010cc\"><strong>Livraison :<\/strong> Les d\u00e9lais de livraison sont indiqu\u00e9s sur la fiche produit. Emaya Cr\u00e9ations ne peut \u00eatre tenue responsable des retards li\u00e9s aux transporteurs.<\/p>\n\n\n\n<p class=\"has-black-color has-text-color has-link-color wp-elements-f0f90e63001e2ce75dcc733f09ec2ff6\"><strong>Droit de r\u00e9tractation :<\/strong> Conform\u00e9ment \u00e0 la loi, vous disposez d\u2019un d\u00e9lai de 14 jours pour exercer votre droit de r\u00e9tractation. Les retours doivent \u00eatre effectu\u00e9s dans leur \u00e9tat d\u2019origine.<\/p>\n\n\n\n<hr class=\"wp-block-separator has-alpha-channel-opacity\"\/>\n\n\n\n<h3 class=\"wp-block-heading has-black-color has-text-color has-link-color wp-elements-1259a59583f1e4b5b9a540248c1ce791\"><strong>Responsabilit\u00e9 :<\/strong><\/h3>\n\n\n\n<p class=\"has-black-color has-text-color has-link-color wp-elements-cebdc1c9ccff2ac40349a16e614714ae\">Emaya Cr\u00e9ations ne saurait \u00eatre tenue responsable des dommages directs ou indirects r\u00e9sultant de l\u2019utilisation du site ou des produits vendus.<\/p>\n\n\n\n<hr class=\"wp-block-separator has-alpha-channel-opacity\"\/>\n\n\n\n<h3 class=\"wp-block-heading has-black-color has-text-color has-link-color wp-elements-09ac0075d8dc8cc648b995d69bd1aca6\"><strong>Litiges :<\/strong><\/h3>\n\n\n\n<p class=\"has-black-color has-text-color has-link-color wp-elements-2e8490e2b315569269f3d8ce500c2b5a\">Tout litige relatif \u00e0 l\u2019utilisation du site ou aux produits vendus sera soumis au droit fran\u00e7ais. En cas de d\u00e9saccord, les tribunaux fran\u00e7ais seront seuls comp\u00e9tents.<\/p>\n\n\n\n<hr class=\"wp-block-separator has-alpha-channel-opacity\"\/>\n\n\n\n<h3 class=\"wp-block-heading has-black-color has-text-color has-link-color wp-elements-c21ba0141cfc7a9799d6bf69067ef33a\"><strong>Mise \u00e0 jour des mentions l\u00e9gales :<\/strong><\/h3>\n\n\n\n<p class=\"has-black-color has-text-color has-link-color wp-elements-758f5d41f40bc19cefb44163f296d565\">Les pr\u00e9sentes mentions l\u00e9gales peuvent \u00eatre modifi\u00e9es \u00e0 tout moment. Nous vous invitons \u00e0 les consulter r\u00e9guli\u00e8rement.<\/p>\n\n\n\n<hr class=\"wp-block-separator has-alpha-channel-opacity\"\/>\n\n\n\n<p><strong>Derni\u00e8re mise \u00e0 jour :<\/strong> 17\/01\/2026<\/p>\n","protected":false},"excerpt":{"rendered":"<p>\u00c9diteur du site : Emaya Cr\u00e9ations 32 rue de l&rsquo;\u00e9glise 63230 Pulv\u00e8ri\u00e8res, France Adresse e-mail : H\u00e9bergeur du site : OVH Conditions G\u00e9n\u00e9rales d\u2019Utilisation (CGU) : L\u2019utilisation du site emayamaroquinerie.com implique l\u2019acceptation pleine et enti\u00e8re des conditions g\u00e9n\u00e9rales d\u2019utilisation ci-apr\u00e8s d\u00e9crites. Ces conditions d\u2019utilisation sont susceptibles d\u2019\u00eatre modifi\u00e9es ou compl\u00e9t\u00e9es \u00e0 tout moment. Propri\u00e9t\u00e9 intellectuelle [&hellip;]<\/p>\n","protected":false},"author":1,"featured_media":0,"comment_status":"open","ping_status":"open","sticky":false,"template":"","format":"standard","meta":{"_jetpack_memberships_contains_paid_content":false,"footnotes":""},"categories":[20],"tags":[],"class_list":["post-127","post","type-post","status-publish","format-standard","hentry","category-a-propos-de"],"jetpack_featured_media_url":"","jetpack_sharing_enabled":true,"_links":{"self":[{"href":"https:\/\/emayamaroquinerie.com\/index.php\/wp-json\/wp\/v2\/posts\/127","targetHints":{"allow":["GET"]}}],"collection":[{"href":"https:\/\/emayamaroquinerie.com\/index.php\/wp-json\/wp\/v2\/posts"}],"about":[{"href":"https:\/\/emayamaroquinerie.com\/index.php\/wp-json\/wp\/v2\/types\/post"}],"author":[{"embeddable":true,"href":"https:\/\/emayamaroquinerie.com\/index.php\/wp-json\/wp\/v2\/users\/1"}],"replies":[{"embeddable":true,"href":"https:\/\/emayamaroquinerie.com\/index.php\/wp-json\/wp\/v2\/comments?post=127"}],"version-history":[{"count":3,"href":"https:\/\/emayamaroquinerie.com\/index.php\/wp-json\/wp\/v2\/posts\/127\/revisions"}],"predecessor-version":[{"id":193,"href":"https:\/\/emayamaroquinerie.com\/index.php\/wp-json\/wp\/v2\/posts\/127\/revisions\/193"}],"wp:attachment":[{"href":"https:\/\/emayamaroquinerie.com\/index.php\/wp-json\/wp\/v2\/media?parent=127"}],"wp:term":[{"taxonomy":"category","embeddable":true,"href":"https:\/\/emayamaroquinerie.com\/index.php\/wp-json\/wp\/v2\/categories?post=127"},{"taxonomy":"post_tag","embeddable":true,"href":"https:\/\/emayamaroquinerie.com\/index.php\/wp-json\/wp\/v2\/tags?post=127"}],"curies":[{"name":"wp","href":"https:\/\/api.w.org\/{rel}","templated":true}]}}