{"id":100,"date":"2026-01-17T17:49:18","date_gmt":"2026-01-17T17:49:18","guid":{"rendered":"https:\/\/emayamaroquinerie.com\/?p=100"},"modified":"2026-01-20T20:55:49","modified_gmt":"2026-01-20T20:55:49","slug":"story-1-pour-affichage","status":"publish","type":"post","link":"https:\/\/emayamaroquinerie.com\/index.php\/2026\/01\/17\/story-1-pour-affichage\/","title":{"rendered":"Emaya en quelques mots"},"content":{"rendered":"\n<p class=\"has-black-color has-text-color has-link-color has-medium-font-size wp-elements-97ccea5e34f7cbb811ec11695b8339b2\"><strong>Emaya Cr\u00e9ations en quelques mots<\/strong><\/p>\n\n\n\n<p class=\"has-black-color has-text-color has-link-color wp-elements-a6e51fbbd2b2eb5e53c21d0e77a8f9da\" style=\"font-size:16px\">Apr\u00e8s 10 ans \u00e0 travailler pour une grande maison de la maroquinerie de luxe, le vent du changement a souffl\u00e9 et j\u2019ai cr\u00e9\u00e9 Emaya Cr\u00e9ations.<br><br>Implant\u00e9e \u00e0 <strong> Pulv\u00e9ri\u00e8res<\/strong> (Puy-de-D\u00f4me), je vous propose des <strong>sacs, portefeuilles et accessoires en cuir sur mesure<\/strong>, con\u00e7us avec passion et savoir-faire <strong>100 % auvergnat<\/strong>. Chaque pi\u00e8ce est <strong>fabriqu\u00e9e \u00e0 la main<\/strong> dans mon atelier, alliant <strong>cuir de qualit\u00e9 <\/strong>et <strong>finitions impeccables<\/strong> pour des cr\u00e9ations <strong>uniques, durables et \u00e9l\u00e9gantes<\/strong>.Que vous soyez \u00e0 <strong>Clermont-Ferrand, Riom, ou Volvic<\/strong>, nos cr\u00e9ations en cuir s\u2019adaptent \u00e0 votre style et \u00e0 vos besoins, pour des accessoires qui vous ressemblent.<\/p>\n\n\n\n<p class=\"has-black-color has-text-color has-link-color wp-elements-6fd6164abe0098105d76f10c51021eca\" style=\"font-size:12px\"><h3><strong>Pourquoi Choisir une Maroquinerie Sur Mesure  ?<\/strong><\/h3><\/p>\n\n\n\n<p class=\"has-black-color has-text-color has-link-color wp-elements-e46cb063a29173601cfeb08003dc37a5\" style=\"font-size:14px\"><strong>Un savoir-faire local<\/strong> : Nos articles sont <strong>con\u00e7us et fabriqu\u00e9s en Auvergne<\/strong>, avec une attention particuli\u00e8re aux d\u00e9tails et une touche d\u2019authenticit\u00e9.<\/p>\n\n\n\n<p class=\"has-black-color has-text-color has-link-color wp-elements-7beaa71b928037c9c7d603c3051d3217\" style=\"font-size:14px\"><strong>Des mat\u00e9riaux d\u2019exception<\/strong> : Nous s\u00e9lectionnons des <strong>cuirs <\/strong>de qualit\u00e9 pour des fabrications durables et \u00e9l\u00e9gantes<\/p>\n\n\n\n<p class=\"has-black-color has-text-color has-link-color wp-elements-3812272d74cac29d9d4e8341d5083bbc\" style=\"font-size:14px\"><strong>Personnalisation totale<\/strong> : Couleurs, tailles, d\u00e9tails\u2026 <strong>Votre accessoire est imagin\u00e9 avec vous<\/strong>, pour r\u00e9pondre parfaitement \u00e0 vos attentes.<\/p>\n\n\n\n<p class=\"has-black-color has-text-color has-link-color wp-elements-677f320bf859546a04f946a6d1aaf3d5\" style=\"font-size:14px\"><strong>Durabilit\u00e9 et \u00e9thique<\/strong> : Nos cr\u00e9ations sont <strong>faites pour durer<\/strong>, dans le respect de l\u2019environnement et des traditions artisanales<\/p>\n\n\n\n<p><\/p>\n\n\n\n<p class=\"has-black-color has-text-color has-link-color has-medium-font-size wp-elements-ef3c9f3f834a6a4e6047ac926ca851c2\">Retrouvez nos ceintures, sac \u00e0 mains, portefeuilles, bourses, portes carte&#8230; dans notre <a href=\"https:\/\/emayamaroquinerie.com\/index.php\/boutique\/\" data-type=\"page\" data-id=\"7\">boutique<\/a><\/p>\n\n\n\n<p><strong>Emilie<\/strong><\/p>\n\n\n\n<p><\/p>\n","protected":false},"excerpt":{"rendered":"<p>Emaya Cr\u00e9ations en quelques mots Apr\u00e8s 10 ans \u00e0 travailler pour une grande maison de la maroquinerie de luxe, le vent du changement a souffl\u00e9 et j\u2019ai cr\u00e9\u00e9 Emaya Cr\u00e9ations. Implant\u00e9e \u00e0 Pulv\u00e9ri\u00e8res (Puy-de-D\u00f4me), je vous propose des sacs, portefeuilles et accessoires en cuir sur mesure, con\u00e7us avec passion et savoir-faire 100 % auvergnat. Chaque [&hellip;]<\/p>\n","protected":false},"author":1,"featured_media":121,"comment_status":"open","ping_status":"open","sticky":false,"template":"","format":"standard","meta":{"_jetpack_memberships_contains_paid_content":false,"footnotes":""},"categories":[20],"tags":[],"class_list":["post-100","post","type-post","status-publish","format-standard","has-post-thumbnail","hentry","category-a-propos-de"],"jetpack_featured_media_url":"https:\/\/emayamaroquinerie.com\/wp-content\/uploads\/2026\/01\/DSC00021-scaled.jpg","jetpack_sharing_enabled":true,"_links":{"self":[{"href":"https:\/\/emayamaroquinerie.com\/index.php\/wp-json\/wp\/v2\/posts\/100","targetHints":{"allow":["GET"]}}],"collection":[{"href":"https:\/\/emayamaroquinerie.com\/index.php\/wp-json\/wp\/v2\/posts"}],"about":[{"href":"https:\/\/emayamaroquinerie.com\/index.php\/wp-json\/wp\/v2\/types\/post"}],"author":[{"embeddable":true,"href":"https:\/\/emayamaroquinerie.com\/index.php\/wp-json\/wp\/v2\/users\/1"}],"replies":[{"embeddable":true,"href":"https:\/\/emayamaroquinerie.com\/index.php\/wp-json\/wp\/v2\/comments?post=100"}],"version-history":[{"count":8,"href":"https:\/\/emayamaroquinerie.com\/index.php\/wp-json\/wp\/v2\/posts\/100\/revisions"}],"predecessor-version":[{"id":190,"href":"https:\/\/emayamaroquinerie.com\/index.php\/wp-json\/wp\/v2\/posts\/100\/revisions\/190"}],"wp:featuredmedia":[{"embeddable":true,"href":"https:\/\/emayamaroquinerie.com\/index.php\/wp-json\/wp\/v2\/media\/121"}],"wp:attachment":[{"href":"https:\/\/emayamaroquinerie.com\/index.php\/wp-json\/wp\/v2\/media?parent=100"}],"wp:term":[{"taxonomy":"category","embeddable":true,"href":"https:\/\/emayamaroquinerie.com\/index.php\/wp-json\/wp\/v2\/categories?post=100"},{"taxonomy":"post_tag","embeddable":true,"href":"https:\/\/emayamaroquinerie.com\/index.php\/wp-json\/wp\/v2\/tags?post=100"}],"curies":[{"name":"wp","href":"https:\/\/api.w.org\/{rel}","templated":true}]}}